{"id":3823,"date":"2018-03-02T21:51:05","date_gmt":"2018-03-02T20:51:05","guid":{"rendered":"https:\/\/www.kinderkarate.at\/ItokaiALT\/?p=3823"},"modified":"2022-09-06T11:57:50","modified_gmt":"2022-09-06T09:57:50","slug":"sabrina-t","status":"publish","type":"post","link":"https:\/\/www.kinderkarate.at\/ItokaiALT\/sabrina-t\/","title":{"rendered":"Sabrina T."},"content":{"rendered":"<h2>Teil der \u201eItokai-Familie\u201c<\/h2>\n<p>Meine beiden M\u00e4dels konnten durch die tolle Betreuung und Unterst\u00fctzung viel an Selbstbewusstsein dazu gewinnen. Sie wurden mental st\u00e4rker, trauen sich mehr zu und f\u00fchlen sich viel sicherer in ihrem allt\u00e4glichen Tun.\u00a0<\/p>\n<h3>Sabrina T.<\/h3>\n","protected":false},"excerpt":{"rendered":"<p>Teil der \u201eItokai-Familie\u201c Meine beiden M\u00e4dels konnten durch die tolle Betreuung und Unterst\u00fctzung viel an Selbstbewusstsein dazu gewinnen. Sie wurden mental st\u00e4rker, trauen sich mehr zu und f\u00fchlen sich viel sicherer in ihrem allt\u00e4glichen Tun.\u00a0 Sabrina T.<\/p>\n","protected":false},"author":4,"featured_media":4010,"comment_status":"closed","ping_status":"open","sticky":false,"template":"elementor_header_footer","format":"standard","meta":[],"categories":[145],"tags":[],"publishpress_future_action":{"enabled":false,"date":"2026-05-10 11:15:07","action":"draft","terms":[],"taxonomy":"category"},"_links":{"self":[{"href":"https:\/\/www.kinderkarate.at\/ItokaiALT\/wp-json\/wp\/v2\/posts\/3823"}],"collection":[{"href":"https:\/\/www.kinderkarate.at\/ItokaiALT\/wp-json\/wp\/v2\/posts"}],"about":[{"href":"https:\/\/www.kinderkarate.at\/ItokaiALT\/wp-json\/wp\/v2\/types\/post"}],"author":[{"embeddable":true,"href":"https:\/\/www.kinderkarate.at\/ItokaiALT\/wp-json\/wp\/v2\/users\/4"}],"replies":[{"embeddable":true,"href":"https:\/\/www.kinderkarate.at\/ItokaiALT\/wp-json\/wp\/v2\/comments?post=3823"}],"version-history":[{"count":0,"href":"https:\/\/www.kinderkarate.at\/ItokaiALT\/wp-json\/wp\/v2\/posts\/3823\/revisions"}],"wp:featuredmedia":[{"embeddable":true,"href":"https:\/\/www.kinderkarate.at\/ItokaiALT\/wp-json\/wp\/v2\/media\/4010"}],"wp:attachment":[{"href":"https:\/\/www.kinderkarate.at\/ItokaiALT\/wp-json\/wp\/v2\/media?parent=3823"}],"wp:term":[{"taxonomy":"category","embeddable":true,"href":"https:\/\/www.kinderkarate.at\/ItokaiALT\/wp-json\/wp\/v2\/categories?post=3823"},{"taxonomy":"post_tag","embeddable":true,"href":"https:\/\/www.kinderkarate.at\/ItokaiALT\/wp-json\/wp\/v2\/tags?post=3823"}],"curies":[{"name":"wp","href":"https:\/\/api.w.org\/{rel}","templated":true}]}}